{"id":89,"date":"2019-09-20T13:09:16","date_gmt":"2019-09-20T13:09:16","guid":{"rendered":"https:\/\/repositoriotecno.wordpress.com\/?p=89"},"modified":"2019-09-20T13:03:01","modified_gmt":"2019-09-20T13:03:01","slug":"cambiar-configuracion-regional-con-gpo-en-windows-server","status":"publish","type":"post","link":"https:\/\/atelae.com\/index.php\/2019\/09\/20\/cambiar-configuracion-regional-con-gpo-en-windows-server\/","title":{"rendered":"Cambiar configuraci\u00f3n regional con GPO en Windows Server"},"content":{"rendered":"<p>Esta estrada es informaci\u00f3n extra\u00edda de:<\/p>\n<p>https:\/\/www.solvetic.com\/tutoriales\/article\/2975-como-cambiar-la-configuracion-regional-con-gpo-windows-server\/<\/p>\n<p>&nbsp;<\/p>\n<p>Crea configuraciones personalizadas a los usuarios con Windows Server 2016 y modifica sus datos regionales mediante pol\u00edticas de grupo.<\/p>\n<p>&nbsp;<\/p>\n<p>En las tareas diarias de la empresa como personal del \u00e1rea de IT, ya sea asistentes, jefes, coordinadores, administradores, debemos estar en&nbsp;<strong>constante interacci\u00f3n con los usuarios&nbsp;<\/strong>del dominio y con la configuraci\u00f3n de sus equipos. Si nos desplazamos con nuestros equipos&nbsp;<strong>a otra zona horaria<\/strong>&nbsp;la administraci\u00f3n nueva de \u00e9stos variar\u00e1 pues no estaremos en las mismas condiciones y es algo que el servidor debe de tener determinado en su configuraci\u00f3n.<\/p>\n<p>&nbsp;<\/p>\n<p>Por ello,&nbsp;<a href=\"http:\/\/www.solvetic.com\/page\/articulos\/s\/profesionales\/novedades-de-windows-server-2016\">Windows Server 2016<\/a>&nbsp;es la herramienta perfecta para poder gestionar servidores vi\u00e9ndose reforzado por las \u00faltima novedades que incorpora en esta \u00faltima versi\u00f3n en relaci\u00f3n al&nbsp;<a href=\"http:\/\/www.solvetic.com\/tutoriales\/article\/2493-novedades-del-directorio-activo-en-windows-server-2016\/\">directorio Activo.<\/a>&nbsp;Gracias a las funcionalidades de este Sistema Operativo&nbsp;<strong>podemos gestionar ordenadores<\/strong>&nbsp;ya sea de forma f\u00edsica presencial o&nbsp;<a href=\"http:\/\/www.solvetic.com\/tutoriales\/article\/2511-escritorio-remoto-en-windows-server-2016\/\">de forma remota<\/a>&nbsp;y como vamos a ver en este tutorial, de forma tambi\u00e9n&nbsp;<strong>personalizada.<\/strong><\/p>\n<p>&nbsp;<\/p>\n<p>Qu\u00e9 vemos por defecto<\/p>\n<p>Algo muy com\u00fan en la gesti\u00f3n de los usuarios surge cuando llegan&nbsp;<strong>equipos nuevos<\/strong>&nbsp;y su configuraci\u00f3n est\u00e1 en un&nbsp;<strong>idioma diferente<\/strong>&nbsp;al que tenemos en la compa\u00f1\u00eda, el m\u00e1s com\u00fan es que el idioma predefinido es ingl\u00e9s y tenemos en la compa\u00f1\u00eda definido espa\u00f1ol. Si vemos estos equipos veremos lo siguiente por defecto.<\/p>\n<p><a href=\"https:\/\/atelae.com\/wp-content\/uploads\/2019\/09\/config-regional1.jpg\"><img loading=\"lazy\" decoding=\"async\" class=\"aligncenter wp-image-91 size-full\" src=\"https:\/\/atelae.com\/wp-content\/uploads\/2019\/09\/config-regional1.jpg\" alt=\"\" width=\"410\" height=\"473\" srcset=\"https:\/\/atelae.com\/wp-content\/uploads\/2019\/09\/config-regional1.jpg 410w, https:\/\/atelae.com\/wp-content\/uploads\/2019\/09\/config-regional1-260x300.jpg 260w\" sizes=\"auto, (max-width: 410px) 100vw, 410px\" \/><\/a><\/p>\n<p>&nbsp;<\/p>\n<p>En este tutorial vamos a ver c\u00f3mo podemos definir el&nbsp;<strong>idioma por defecto<\/strong>&nbsp;para los equipos nuevos usando pol\u00edticas de grupo en&nbsp;<a href=\"http:\/\/www.solvetic.com\/page\/articulos\/s\/profesionales\/novedades-de-windows-server-2016\">Windows Server 2016.<\/a><\/p>\n<p>&nbsp;<\/p>\n<p>Por qu\u00e9 usar pol\u00edtica de grupo para establecer la zona regional<\/p>\n<p>El factor principal se debe a que en ocasiones, no es algo com\u00fan, pueden llegar diversos usuarios a un&nbsp;<strong>\u00e1rea determinada de la compa\u00f1\u00eda<\/strong>, y es mucho m\u00e1s f\u00e1cil para nuestras funciones administrativas establecer una&nbsp;<strong>GPO o pol\u00edtica<\/strong>&nbsp;para que cuando cada usuario inicie sesi\u00f3n se ajuste la zona regional del equipo a tener que ir equipo por equipo a realizar el proceso manual (Panel de control \/ Configuraci\u00f3n regional, etc).<\/p>\n<p>&nbsp;<\/p>\n<p>En este tutorial veremos c\u00f3mo crear una&nbsp;<strong>pol\u00edtica de grupo en Windows Server 2016<\/strong>&nbsp;para definir la zona regional a los usuarios en nuestra compa\u00f1\u00eda.<\/p>\n<p>&nbsp;<\/p>\n<p>&nbsp;<\/p>\n<p><strong>Crear pol\u00edtica de grupo para establecer zona regional Windows Server 2016<\/strong><\/p>\n<p>Como siempre decimos que es importante tener cuidado con los par\u00e1metros que definamos&nbsp;<strong>a trav\u00e9s de las GPO<\/strong>&nbsp;por si \u00e9stas afectan a todos los equipos de la organizaci\u00f3n por lo que lo mejor es definir que afecte solamente a algunos espec\u00edficos.<\/p>\n<p>&nbsp;<\/p>\n<p>Paso 1<\/p>\n<p>Hemos creado una unidad organizativa llamada&nbsp;<strong>Zona Solvetic.&nbsp;<\/strong>Como primer paso abriremos el administrador de directivas de grupo usando la ruta:<\/p>\n<ul>\n<li><strong>Inicio<\/strong><\/li>\n<li>Todas las&nbsp;<strong>aplicaciones<\/strong><\/li>\n<li>Herramientas&nbsp;<strong>administrativas<\/strong><\/li>\n<li><strong>Administrador&nbsp;<\/strong>de&nbsp;<strong>directivas de grupo<\/strong><\/li>\n<\/ul>\n<p>&nbsp;<\/p>\n<p>Paso 2<\/p>\n<p>En la ventana desplegada podemos crear una pol\u00edtica para dos funciones distintas que son:<\/p>\n<ul>\n<li><strong>Pol\u00edtica para todos los equipos del dominio:&nbsp;<\/strong>Debemos seleccionar el servidor local y enlazar la pol\u00edtica all\u00ed.<\/li>\n<li><strong>Pol\u00edtica para unidad organizativa espec\u00edfica:&nbsp;<\/strong>Debemos desplegar el servidor local y ubicar la unidad organizativa a la cual hemos de enlazar la pol\u00edtica de grupo.<\/li>\n<\/ul>\n<p>En este caso enlazaremos la pol\u00edtica a la unidad organizativa<strong>&nbsp;Zona Solvetic,<\/strong>&nbsp;por lo cual la seleccionamos y damos clic derecho sobre ella. All\u00ed seleccionaremos la opci\u00f3n&nbsp;<strong>Crea un GPO en este dominio y vincularlo aqu\u00ed.<\/strong><\/p>\n<p><a href=\"https:\/\/atelae.com\/wp-content\/uploads\/2019\/09\/config-regional2.jpg\"><img loading=\"lazy\" decoding=\"async\" class=\"aligncenter wp-image-92 size-full\" src=\"https:\/\/atelae.com\/wp-content\/uploads\/2019\/09\/config-regional2.jpg\" alt=\"\" width=\"745\" height=\"351\" srcset=\"https:\/\/atelae.com\/wp-content\/uploads\/2019\/09\/config-regional2.jpg 745w, https:\/\/atelae.com\/wp-content\/uploads\/2019\/09\/config-regional2-300x141.jpg 300w\" sizes=\"auto, (max-width: 745px) 100vw, 745px\" \/><\/a><\/p>\n<p>&nbsp;<\/p>\n<p>Paso 3<\/p>\n<p>Veremos la siguiente ventana donde debemos asignar un nombre a la pol\u00edtica.<\/p>\n<p><a href=\"https:\/\/atelae.com\/wp-content\/uploads\/2019\/09\/config-regional3.jpg\"><img loading=\"lazy\" decoding=\"async\" class=\"aligncenter wp-image-93 size-full\" src=\"https:\/\/atelae.com\/wp-content\/uploads\/2019\/09\/config-regional3.jpg\" alt=\"\" width=\"386\" height=\"180\" srcset=\"https:\/\/atelae.com\/wp-content\/uploads\/2019\/09\/config-regional3.jpg 386w, https:\/\/atelae.com\/wp-content\/uploads\/2019\/09\/config-regional3-300x140.jpg 300w\" sizes=\"auto, (max-width: 386px) 100vw, 386px\" \/><\/a><\/p>\n<p>&nbsp;<\/p>\n<p>Paso 4<\/p>\n<p>Pulsamos&nbsp;<strong>Aceptar<\/strong>&nbsp;y podremos ver que se ha creado la pol\u00edtica en la unidad organizativa seleccionada. Seleccionamos la pol\u00edtica, damos clic derecho y seleccionamos&nbsp;<strong>Editar.<\/strong><\/p>\n<p><a href=\"https:\/\/atelae.com\/wp-content\/uploads\/2019\/09\/config-regional4.jpg\"><img loading=\"lazy\" decoding=\"async\" class=\"aligncenter wp-image-94 size-full\" src=\"https:\/\/atelae.com\/wp-content\/uploads\/2019\/09\/config-regional4.jpg\" alt=\"\" width=\"745\" height=\"351\" srcset=\"https:\/\/atelae.com\/wp-content\/uploads\/2019\/09\/config-regional4.jpg 745w, https:\/\/atelae.com\/wp-content\/uploads\/2019\/09\/config-regional4-300x141.jpg 300w\" sizes=\"auto, (max-width: 745px) 100vw, 745px\" \/><\/a><\/p>\n<p>&nbsp;<\/p>\n<p>Paso 5<\/p>\n<p>En la ventana desplegada debemos ir a la ruta:<\/p>\n<ul>\n<li><strong>Configuraci\u00f3n&nbsp;<\/strong>del equipo<\/li>\n<li><strong>Preferencias<\/strong><\/li>\n<li>Configuraci\u00f3n del&nbsp;<strong>Panel de control<\/strong><\/li>\n<li>Configuraci\u00f3n&nbsp;<strong>regional<\/strong><\/li>\n<\/ul>\n<p><a href=\"https:\/\/atelae.com\/wp-content\/uploads\/2019\/09\/config-regional5.jpg\"><img loading=\"lazy\" decoding=\"async\" class=\"aligncenter wp-image-95 size-full\" src=\"https:\/\/atelae.com\/wp-content\/uploads\/2019\/09\/config-regional5.jpg\" alt=\"\" width=\"650\" height=\"467\" srcset=\"https:\/\/atelae.com\/wp-content\/uploads\/2019\/09\/config-regional5.jpg 650w, https:\/\/atelae.com\/wp-content\/uploads\/2019\/09\/config-regional5-300x216.jpg 300w\" sizes=\"auto, (max-width: 650px) 100vw, 650px\" \/><\/a><\/p>\n<p>&nbsp;<\/p>\n<p>Paso 6<\/p>\n<p>En esta opci\u00f3n daremos clic derecho sobre&nbsp;<strong>\u201cConfiguraci\u00f3n regional<\/strong>\u201d y seleccionamos&nbsp;<strong>Nuevo&nbsp;<\/strong>&gt;&nbsp;<strong>Configuraci\u00f3n regional.<\/strong><\/p>\n<p><a href=\"https:\/\/atelae.com\/wp-content\/uploads\/2019\/09\/config-regional6.jpg\"><img loading=\"lazy\" decoding=\"async\" class=\"aligncenter wp-image-96 size-full\" src=\"https:\/\/atelae.com\/wp-content\/uploads\/2019\/09\/config-regional6.jpg\" alt=\"\" width=\"650\" height=\"467\" srcset=\"https:\/\/atelae.com\/wp-content\/uploads\/2019\/09\/config-regional6.jpg 650w, https:\/\/atelae.com\/wp-content\/uploads\/2019\/09\/config-regional6-300x216.jpg 300w\" sizes=\"auto, (max-width: 650px) 100vw, 650px\" \/><\/a><\/p>\n<p>&nbsp;<\/p>\n<p>Paso 7<\/p>\n<p>Se abrir\u00e1 la siguiente ventana.<\/p>\n<p><a href=\"https:\/\/atelae.com\/wp-content\/uploads\/2019\/09\/config-regional7.jpg\"><img loading=\"lazy\" decoding=\"async\" class=\"aligncenter wp-image-97 size-full\" src=\"https:\/\/atelae.com\/wp-content\/uploads\/2019\/09\/config-regional7.jpg\" alt=\"\" width=\"400\" height=\"455\" srcset=\"https:\/\/atelae.com\/wp-content\/uploads\/2019\/09\/config-regional7.jpg 400w, https:\/\/atelae.com\/wp-content\/uploads\/2019\/09\/config-regional7-264x300.jpg 264w\" sizes=\"auto, (max-width: 400px) 100vw, 400px\" \/><\/a><\/p>\n<p>&nbsp;<\/p>\n<p>Paso 8<\/p>\n<p>All\u00ed debemos&nbsp;<strong>seleccionar el idioma que necesitamos<\/strong>&nbsp;que sea establecido (en este caso ser\u00e1 Espa\u00f1ol, Espa\u00f1a) y veremos lo siguiente.<\/p>\n<p><a href=\"https:\/\/atelae.com\/wp-content\/uploads\/2019\/09\/config-regional8.jpg\"><img loading=\"lazy\" decoding=\"async\" class=\"aligncenter wp-image-98 size-full\" src=\"https:\/\/atelae.com\/wp-content\/uploads\/2019\/09\/config-regional8.jpg\" alt=\"\" width=\"400\" height=\"455\" srcset=\"https:\/\/atelae.com\/wp-content\/uploads\/2019\/09\/config-regional8.jpg 400w, https:\/\/atelae.com\/wp-content\/uploads\/2019\/09\/config-regional8-264x300.jpg 264w\" sizes=\"auto, (max-width: 400px) 100vw, 400px\" \/><\/a><\/p>\n<p>&nbsp;<\/p>\n<p>Nota<\/p>\n<p>Podemos observar algo interesante en esta configuraci\u00f3n.&nbsp;<strong>Cuando abrimos la configuraci\u00f3n regional<\/strong>&nbsp;podemos ver una l\u00ednea roja punteada, si pulsamos aceptar los cambios no se ver\u00e1n reflejados por lo que debemos pulsar la tecla&nbsp;<strong>F5&nbsp;<\/strong>para ver como la l\u00ednea cambia a verde. As\u00ed podemos guardar los cambios para que se vean reflejados.<\/p>\n<p>&nbsp;<\/p>\n<p>Paso 9<\/p>\n<p>Podemos configurar otros par\u00e1metros como la moneda, el tiempo, etc. Una vez definidos estos par\u00e1metros pulsamos&nbsp;<strong>Aplicar<\/strong>&nbsp;y luego&nbsp;<strong>Aceptar<\/strong>. Podemos ver que se ha creado la pol\u00edtica correctamente.<\/p>\n<p><a href=\"https:\/\/atelae.com\/wp-content\/uploads\/2019\/09\/config-regional9.jpg\"><img loading=\"lazy\" decoding=\"async\" class=\"aligncenter wp-image-99 size-full\" src=\"https:\/\/atelae.com\/wp-content\/uploads\/2019\/09\/config-regional9.jpg\" alt=\"\" width=\"710\" height=\"417\" srcset=\"https:\/\/atelae.com\/wp-content\/uploads\/2019\/09\/config-regional9.jpg 710w, https:\/\/atelae.com\/wp-content\/uploads\/2019\/09\/config-regional9-300x176.jpg 300w\" sizes=\"auto, (max-width: 710px) 100vw, 710px\" \/><\/a><\/p>\n<p>&nbsp;<\/p>\n<p>Paso 10<\/p>\n<p>Ahora en los equipos de los usuarios podemos forzar las pol\u00edticas usando:<\/p>\n<ul>\n<li><\/li>\n<\/ul>\n<ol>\n<li>gpupdate \/force<\/li>\n<\/ol>\n<p>O cuando reinicien la m\u00e1quina y podemos ingresar a la configuraci\u00f3n regional y veremos que&nbsp;<strong>los cambios han sido realizados.<\/strong><\/p>\n<p><a href=\"https:\/\/atelae.com\/wp-content\/uploads\/2019\/09\/config-regional10.jpg\"><img loading=\"lazy\" decoding=\"async\" class=\"aligncenter wp-image-100 size-full\" src=\"https:\/\/atelae.com\/wp-content\/uploads\/2019\/09\/config-regional10.jpg\" alt=\"\" width=\"410\" height=\"473\" srcset=\"https:\/\/atelae.com\/wp-content\/uploads\/2019\/09\/config-regional10.jpg 410w, https:\/\/atelae.com\/wp-content\/uploads\/2019\/09\/config-regional10-260x300.jpg 260w\" sizes=\"auto, (max-width: 410px) 100vw, 410px\" \/><\/a><\/p>\n<p>&nbsp;<\/p>\n<p>De esta manera podemos definir en qu\u00e9 idioma configurar nuestros usuarios u ordenadores usando una&nbsp;<strong>pol\u00edtica de grupo en Windows Server<\/strong>&nbsp;de forma sencilla , lo cual nos va a reducir mucho el tiempo de configuraci\u00f3n de los equipos de cada usuario en nuestra organizaci\u00f3n. Est\u00e1 bien que aprovechemos al m\u00e1ximo las m\u00faltiples funcionalidades que tenemos a trav\u00e9s de las pol\u00edticas de grupo o GPO en&nbsp;<strong>Windows Server 2016.<\/strong><\/p>\n<p>&nbsp;<\/p>\n<p>&nbsp;<\/p>\n","protected":false},"excerpt":{"rendered":"<p>Esta estrada es informaci\u00f3n extra\u00edda de: https:\/\/www.solvetic.com\/tutoriales\/article\/2975-como-cambiar-la-configuracion-regional-con-gpo-windows-server\/ &nbsp; Crea configuraciones personalizadas a los usuarios con Windows Server 2016 y modifica sus datos regionales mediante pol\u00edticas &hellip; <\/p>\n","protected":false},"author":1,"featured_media":0,"comment_status":"open","ping_status":"open","sticky":false,"template":"","format":"standard","meta":{"_jetpack_newsletter_access":"","_jetpack_dont_email_post_to_subs":false,"_jetpack_newsletter_tier_id":0,"_jetpack_memberships_contains_paywalled_content":false,"_jetpack_feature_clip_id":0,"_jetpack_memberships_contains_paid_content":false,"footnotes":"","jetpack_post_was_ever_published":false},"categories":[8,11,15,22,26,28],"tags":[41,67,69],"class_list":["post-89","post","type-post","status-publish","format-standard","hentry","category-configuracion-regional","category-dominio","category-gpo","category-microsoft","category-red","category-server","tag-configurar","tag-windows","tag-windows-server"],"yoast_head":"<!-- This site is optimized with the Yoast SEO plugin v27.9 - https:\/\/yoast.com\/product\/yoast-seo-wordpress\/ -->\n<title>Cambiar configuraci\u00f3n regional con GPO en Windows Server - Repositorio Tecno<\/title>\n<meta name=\"robots\" content=\"index, follow, max-snippet:-1, max-image-preview:large, max-video-preview:-1\" \/>\n<link rel=\"canonical\" href=\"https:\/\/atelae.com\/index.php\/2019\/09\/20\/cambiar-configuracion-regional-con-gpo-en-windows-server\/\" \/>\n<meta property=\"og:locale\" content=\"es_ES\" \/>\n<meta property=\"og:type\" content=\"article\" \/>\n<meta property=\"og:title\" content=\"Cambiar configuraci\u00f3n regional con GPO en Windows Server - Repositorio Tecno\" \/>\n<meta property=\"og:description\" content=\"Esta estrada es informaci\u00f3n extra\u00edda de: https:\/\/www.solvetic.com\/tutoriales\/article\/2975-como-cambiar-la-configuracion-regional-con-gpo-windows-server\/ &nbsp; Crea configuraciones personalizadas a los usuarios con Windows Server 2016 y modifica sus datos regionales mediante pol\u00edticas &hellip;\" \/>\n<meta property=\"og:url\" content=\"https:\/\/atelae.com\/index.php\/2019\/09\/20\/cambiar-configuracion-regional-con-gpo-en-windows-server\/\" \/>\n<meta property=\"og:site_name\" content=\"Repositorio Tecno\" \/>\n<meta property=\"article:published_time\" content=\"2019-09-20T13:09:16+00:00\" \/>\n<meta property=\"og:image\" content=\"https:\/\/atelae.com\/wp-content\/uploads\/2019\/09\/config-regional1.jpg\" \/>\n<meta name=\"author\" content=\"admin\" \/>\n<meta name=\"twitter:card\" content=\"summary_large_image\" \/>\n<meta name=\"twitter:label1\" content=\"Escrito por\" \/>\n\t<meta name=\"twitter:data1\" content=\"admin\" \/>\n\t<meta name=\"twitter:label2\" content=\"Tiempo de lectura\" \/>\n\t<meta name=\"twitter:data2\" content=\"5 minutos\" \/>\n<script type=\"application\/ld+json\" class=\"yoast-schema-graph\">{\"@context\":\"https:\\\/\\\/schema.org\",\"@graph\":[{\"@type\":\"Article\",\"@id\":\"https:\\\/\\\/atelae.com\\\/index.php\\\/2019\\\/09\\\/20\\\/cambiar-configuracion-regional-con-gpo-en-windows-server\\\/#article\",\"isPartOf\":{\"@id\":\"https:\\\/\\\/atelae.com\\\/index.php\\\/2019\\\/09\\\/20\\\/cambiar-configuracion-regional-con-gpo-en-windows-server\\\/\"},\"author\":{\"name\":\"admin\",\"@id\":\"https:\\\/\\\/atelae.com\\\/#\\\/schema\\\/person\\\/ca17ce24adbc45a87fc0f28900cbcce8\"},\"headline\":\"Cambiar configuraci\u00f3n regional con GPO en Windows Server\",\"datePublished\":\"2019-09-20T13:09:16+00:00\",\"mainEntityOfPage\":{\"@id\":\"https:\\\/\\\/atelae.com\\\/index.php\\\/2019\\\/09\\\/20\\\/cambiar-configuracion-regional-con-gpo-en-windows-server\\\/\"},\"wordCount\":988,\"commentCount\":0,\"publisher\":{\"@id\":\"https:\\\/\\\/atelae.com\\\/#organization\"},\"image\":{\"@id\":\"https:\\\/\\\/atelae.com\\\/index.php\\\/2019\\\/09\\\/20\\\/cambiar-configuracion-regional-con-gpo-en-windows-server\\\/#primaryimage\"},\"thumbnailUrl\":\"https:\\\/\\\/atelae.com\\\/wp-content\\\/uploads\\\/2019\\\/09\\\/config-regional1.jpg\",\"keywords\":[\"configurar\",\"Windows\",\"Windows Server\"],\"articleSection\":[\"configuracion regional\",\"dominio\",\"gpo\",\"microsoft\",\"Red\",\"server\"],\"inLanguage\":\"es\",\"potentialAction\":[{\"@type\":\"CommentAction\",\"name\":\"Comment\",\"target\":[\"https:\\\/\\\/atelae.com\\\/index.php\\\/2019\\\/09\\\/20\\\/cambiar-configuracion-regional-con-gpo-en-windows-server\\\/#respond\"]}]},{\"@type\":\"WebPage\",\"@id\":\"https:\\\/\\\/atelae.com\\\/index.php\\\/2019\\\/09\\\/20\\\/cambiar-configuracion-regional-con-gpo-en-windows-server\\\/\",\"url\":\"https:\\\/\\\/atelae.com\\\/index.php\\\/2019\\\/09\\\/20\\\/cambiar-configuracion-regional-con-gpo-en-windows-server\\\/\",\"name\":\"Cambiar configuraci\u00f3n regional con GPO en Windows Server - Repositorio Tecno\",\"isPartOf\":{\"@id\":\"https:\\\/\\\/atelae.com\\\/#website\"},\"primaryImageOfPage\":{\"@id\":\"https:\\\/\\\/atelae.com\\\/index.php\\\/2019\\\/09\\\/20\\\/cambiar-configuracion-regional-con-gpo-en-windows-server\\\/#primaryimage\"},\"image\":{\"@id\":\"https:\\\/\\\/atelae.com\\\/index.php\\\/2019\\\/09\\\/20\\\/cambiar-configuracion-regional-con-gpo-en-windows-server\\\/#primaryimage\"},\"thumbnailUrl\":\"https:\\\/\\\/atelae.com\\\/wp-content\\\/uploads\\\/2019\\\/09\\\/config-regional1.jpg\",\"datePublished\":\"2019-09-20T13:09:16+00:00\",\"breadcrumb\":{\"@id\":\"https:\\\/\\\/atelae.com\\\/index.php\\\/2019\\\/09\\\/20\\\/cambiar-configuracion-regional-con-gpo-en-windows-server\\\/#breadcrumb\"},\"inLanguage\":\"es\",\"potentialAction\":[{\"@type\":\"ReadAction\",\"target\":[\"https:\\\/\\\/atelae.com\\\/index.php\\\/2019\\\/09\\\/20\\\/cambiar-configuracion-regional-con-gpo-en-windows-server\\\/\"]}]},{\"@type\":\"ImageObject\",\"inLanguage\":\"es\",\"@id\":\"https:\\\/\\\/atelae.com\\\/index.php\\\/2019\\\/09\\\/20\\\/cambiar-configuracion-regional-con-gpo-en-windows-server\\\/#primaryimage\",\"url\":\"https:\\\/\\\/atelae.com\\\/wp-content\\\/uploads\\\/2019\\\/09\\\/config-regional1.jpg\",\"contentUrl\":\"https:\\\/\\\/atelae.com\\\/wp-content\\\/uploads\\\/2019\\\/09\\\/config-regional1.jpg\"},{\"@type\":\"BreadcrumbList\",\"@id\":\"https:\\\/\\\/atelae.com\\\/index.php\\\/2019\\\/09\\\/20\\\/cambiar-configuracion-regional-con-gpo-en-windows-server\\\/#breadcrumb\",\"itemListElement\":[{\"@type\":\"ListItem\",\"position\":1,\"name\":\"Home\",\"item\":\"https:\\\/\\\/atelae.com\\\/\"},{\"@type\":\"ListItem\",\"position\":2,\"name\":\"Cambiar configuraci\u00f3n regional con GPO en Windows Server\"}]},{\"@type\":\"WebSite\",\"@id\":\"https:\\\/\\\/atelae.com\\\/#website\",\"url\":\"https:\\\/\\\/atelae.com\\\/\",\"name\":\"Repositorio Tecno\",\"description\":\"Almac\u00e9n de informaci\u00f3n y soluciones t\u00e9cnicas.\",\"publisher\":{\"@id\":\"https:\\\/\\\/atelae.com\\\/#organization\"},\"potentialAction\":[{\"@type\":\"SearchAction\",\"target\":{\"@type\":\"EntryPoint\",\"urlTemplate\":\"https:\\\/\\\/atelae.com\\\/?s={search_term_string}\"},\"query-input\":{\"@type\":\"PropertyValueSpecification\",\"valueRequired\":true,\"valueName\":\"search_term_string\"}}],\"inLanguage\":\"es\"},{\"@type\":\"Organization\",\"@id\":\"https:\\\/\\\/atelae.com\\\/#organization\",\"name\":\"Atelae\",\"url\":\"https:\\\/\\\/atelae.com\\\/\",\"logo\":{\"@type\":\"ImageObject\",\"inLanguage\":\"es\",\"@id\":\"https:\\\/\\\/atelae.com\\\/#\\\/schema\\\/logo\\\/image\\\/\",\"url\":\"https:\\\/\\\/atelae.com\\\/wp-content\\\/uploads\\\/2020\\\/10\\\/hangar_854x640.jpg\",\"contentUrl\":\"https:\\\/\\\/atelae.com\\\/wp-content\\\/uploads\\\/2020\\\/10\\\/hangar_854x640.jpg\",\"width\":854,\"height\":640,\"caption\":\"Atelae\"},\"image\":{\"@id\":\"https:\\\/\\\/atelae.com\\\/#\\\/schema\\\/logo\\\/image\\\/\"}},{\"@type\":\"Person\",\"@id\":\"https:\\\/\\\/atelae.com\\\/#\\\/schema\\\/person\\\/ca17ce24adbc45a87fc0f28900cbcce8\",\"name\":\"admin\",\"image\":{\"@type\":\"ImageObject\",\"inLanguage\":\"es\",\"@id\":\"https:\\\/\\\/secure.gravatar.com\\\/avatar\\\/35d251924e65608b5c5bc7e9c66057926822fee2da8a4e38e3d404b419a51b1a?s=96&d=mm&r=g\",\"url\":\"https:\\\/\\\/secure.gravatar.com\\\/avatar\\\/35d251924e65608b5c5bc7e9c66057926822fee2da8a4e38e3d404b419a51b1a?s=96&d=mm&r=g\",\"contentUrl\":\"https:\\\/\\\/secure.gravatar.com\\\/avatar\\\/35d251924e65608b5c5bc7e9c66057926822fee2da8a4e38e3d404b419a51b1a?s=96&d=mm&r=g\",\"caption\":\"admin\"}}]}<\/script>\n<!-- \/ Yoast SEO plugin. -->","yoast_head_json":{"title":"Cambiar configuraci\u00f3n regional con GPO en Windows Server - Repositorio Tecno","robots":{"index":"index","follow":"follow","max-snippet":"max-snippet:-1","max-image-preview":"max-image-preview:large","max-video-preview":"max-video-preview:-1"},"canonical":"https:\/\/atelae.com\/index.php\/2019\/09\/20\/cambiar-configuracion-regional-con-gpo-en-windows-server\/","og_locale":"es_ES","og_type":"article","og_title":"Cambiar configuraci\u00f3n regional con GPO en Windows Server - Repositorio Tecno","og_description":"Esta estrada es informaci\u00f3n extra\u00edda de: https:\/\/www.solvetic.com\/tutoriales\/article\/2975-como-cambiar-la-configuracion-regional-con-gpo-windows-server\/ &nbsp; Crea configuraciones personalizadas a los usuarios con Windows Server 2016 y modifica sus datos regionales mediante pol\u00edticas &hellip;","og_url":"https:\/\/atelae.com\/index.php\/2019\/09\/20\/cambiar-configuracion-regional-con-gpo-en-windows-server\/","og_site_name":"Repositorio Tecno","article_published_time":"2019-09-20T13:09:16+00:00","og_image":[{"url":"https:\/\/atelae.com\/wp-content\/uploads\/2019\/09\/config-regional1.jpg","type":"","width":"","height":""}],"author":"admin","twitter_card":"summary_large_image","twitter_misc":{"Escrito por":"admin","Tiempo de lectura":"5 minutos"},"schema":{"@context":"https:\/\/schema.org","@graph":[{"@type":"Article","@id":"https:\/\/atelae.com\/index.php\/2019\/09\/20\/cambiar-configuracion-regional-con-gpo-en-windows-server\/#article","isPartOf":{"@id":"https:\/\/atelae.com\/index.php\/2019\/09\/20\/cambiar-configuracion-regional-con-gpo-en-windows-server\/"},"author":{"name":"admin","@id":"https:\/\/atelae.com\/#\/schema\/person\/ca17ce24adbc45a87fc0f28900cbcce8"},"headline":"Cambiar configuraci\u00f3n regional con GPO en Windows Server","datePublished":"2019-09-20T13:09:16+00:00","mainEntityOfPage":{"@id":"https:\/\/atelae.com\/index.php\/2019\/09\/20\/cambiar-configuracion-regional-con-gpo-en-windows-server\/"},"wordCount":988,"commentCount":0,"publisher":{"@id":"https:\/\/atelae.com\/#organization"},"image":{"@id":"https:\/\/atelae.com\/index.php\/2019\/09\/20\/cambiar-configuracion-regional-con-gpo-en-windows-server\/#primaryimage"},"thumbnailUrl":"https:\/\/atelae.com\/wp-content\/uploads\/2019\/09\/config-regional1.jpg","keywords":["configurar","Windows","Windows Server"],"articleSection":["configuracion regional","dominio","gpo","microsoft","Red","server"],"inLanguage":"es","potentialAction":[{"@type":"CommentAction","name":"Comment","target":["https:\/\/atelae.com\/index.php\/2019\/09\/20\/cambiar-configuracion-regional-con-gpo-en-windows-server\/#respond"]}]},{"@type":"WebPage","@id":"https:\/\/atelae.com\/index.php\/2019\/09\/20\/cambiar-configuracion-regional-con-gpo-en-windows-server\/","url":"https:\/\/atelae.com\/index.php\/2019\/09\/20\/cambiar-configuracion-regional-con-gpo-en-windows-server\/","name":"Cambiar configuraci\u00f3n regional con GPO en Windows Server - Repositorio Tecno","isPartOf":{"@id":"https:\/\/atelae.com\/#website"},"primaryImageOfPage":{"@id":"https:\/\/atelae.com\/index.php\/2019\/09\/20\/cambiar-configuracion-regional-con-gpo-en-windows-server\/#primaryimage"},"image":{"@id":"https:\/\/atelae.com\/index.php\/2019\/09\/20\/cambiar-configuracion-regional-con-gpo-en-windows-server\/#primaryimage"},"thumbnailUrl":"https:\/\/atelae.com\/wp-content\/uploads\/2019\/09\/config-regional1.jpg","datePublished":"2019-09-20T13:09:16+00:00","breadcrumb":{"@id":"https:\/\/atelae.com\/index.php\/2019\/09\/20\/cambiar-configuracion-regional-con-gpo-en-windows-server\/#breadcrumb"},"inLanguage":"es","potentialAction":[{"@type":"ReadAction","target":["https:\/\/atelae.com\/index.php\/2019\/09\/20\/cambiar-configuracion-regional-con-gpo-en-windows-server\/"]}]},{"@type":"ImageObject","inLanguage":"es","@id":"https:\/\/atelae.com\/index.php\/2019\/09\/20\/cambiar-configuracion-regional-con-gpo-en-windows-server\/#primaryimage","url":"https:\/\/atelae.com\/wp-content\/uploads\/2019\/09\/config-regional1.jpg","contentUrl":"https:\/\/atelae.com\/wp-content\/uploads\/2019\/09\/config-regional1.jpg"},{"@type":"BreadcrumbList","@id":"https:\/\/atelae.com\/index.php\/2019\/09\/20\/cambiar-configuracion-regional-con-gpo-en-windows-server\/#breadcrumb","itemListElement":[{"@type":"ListItem","position":1,"name":"Home","item":"https:\/\/atelae.com\/"},{"@type":"ListItem","position":2,"name":"Cambiar configuraci\u00f3n regional con GPO en Windows Server"}]},{"@type":"WebSite","@id":"https:\/\/atelae.com\/#website","url":"https:\/\/atelae.com\/","name":"Repositorio Tecno","description":"Almac\u00e9n de informaci\u00f3n y soluciones t\u00e9cnicas.","publisher":{"@id":"https:\/\/atelae.com\/#organization"},"potentialAction":[{"@type":"SearchAction","target":{"@type":"EntryPoint","urlTemplate":"https:\/\/atelae.com\/?s={search_term_string}"},"query-input":{"@type":"PropertyValueSpecification","valueRequired":true,"valueName":"search_term_string"}}],"inLanguage":"es"},{"@type":"Organization","@id":"https:\/\/atelae.com\/#organization","name":"Atelae","url":"https:\/\/atelae.com\/","logo":{"@type":"ImageObject","inLanguage":"es","@id":"https:\/\/atelae.com\/#\/schema\/logo\/image\/","url":"https:\/\/atelae.com\/wp-content\/uploads\/2020\/10\/hangar_854x640.jpg","contentUrl":"https:\/\/atelae.com\/wp-content\/uploads\/2020\/10\/hangar_854x640.jpg","width":854,"height":640,"caption":"Atelae"},"image":{"@id":"https:\/\/atelae.com\/#\/schema\/logo\/image\/"}},{"@type":"Person","@id":"https:\/\/atelae.com\/#\/schema\/person\/ca17ce24adbc45a87fc0f28900cbcce8","name":"admin","image":{"@type":"ImageObject","inLanguage":"es","@id":"https:\/\/secure.gravatar.com\/avatar\/35d251924e65608b5c5bc7e9c66057926822fee2da8a4e38e3d404b419a51b1a?s=96&d=mm&r=g","url":"https:\/\/secure.gravatar.com\/avatar\/35d251924e65608b5c5bc7e9c66057926822fee2da8a4e38e3d404b419a51b1a?s=96&d=mm&r=g","contentUrl":"https:\/\/secure.gravatar.com\/avatar\/35d251924e65608b5c5bc7e9c66057926822fee2da8a4e38e3d404b419a51b1a?s=96&d=mm&r=g","caption":"admin"}}]}},"jetpack_featured_media_url":"","jetpack_sharing_enabled":true,"_links":{"self":[{"href":"https:\/\/atelae.com\/index.php\/wp-json\/wp\/v2\/posts\/89","targetHints":{"allow":["GET"]}}],"collection":[{"href":"https:\/\/atelae.com\/index.php\/wp-json\/wp\/v2\/posts"}],"about":[{"href":"https:\/\/atelae.com\/index.php\/wp-json\/wp\/v2\/types\/post"}],"author":[{"embeddable":true,"href":"https:\/\/atelae.com\/index.php\/wp-json\/wp\/v2\/users\/1"}],"replies":[{"embeddable":true,"href":"https:\/\/atelae.com\/index.php\/wp-json\/wp\/v2\/comments?post=89"}],"version-history":[{"count":1,"href":"https:\/\/atelae.com\/index.php\/wp-json\/wp\/v2\/posts\/89\/revisions"}],"predecessor-version":[{"id":101,"href":"https:\/\/atelae.com\/index.php\/wp-json\/wp\/v2\/posts\/89\/revisions\/101"}],"wp:attachment":[{"href":"https:\/\/atelae.com\/index.php\/wp-json\/wp\/v2\/media?parent=89"}],"wp:term":[{"taxonomy":"category","embeddable":true,"href":"https:\/\/atelae.com\/index.php\/wp-json\/wp\/v2\/categories?post=89"},{"taxonomy":"post_tag","embeddable":true,"href":"https:\/\/atelae.com\/index.php\/wp-json\/wp\/v2\/tags?post=89"}],"curies":[{"name":"wp","href":"https:\/\/api.w.org\/{rel}","templated":true}]}}